{"id":27598,"date":"2026-04-28T13:00:32","date_gmt":"2026-04-28T16:00:32","guid":{"rendered":"https:\/\/lagacetaonline.com.ar\/?p=27598"},"modified":"2026-04-28T13:00:32","modified_gmt":"2026-04-28T16:00:32","slug":"el-fogon-entrerriano-llega-este-sabado-a-villa-del-rosario","status":"publish","type":"post","link":"https:\/\/lagacetaonline.com.ar\/?p=27598","title":{"rendered":"El Fog\u00f3n Entrerriano llega este s\u00e1bado a Villa del Rosario"},"content":{"rendered":"\n<p><\/p>\n\n\n\n<p><strong>El ciclo itinerante de la Secretar\u00eda de Cultura de Entre R\u00edos, Fog\u00f3n Entrerriano, contin\u00faa su recorrido por la provincia. Este s\u00e1bado 2 de mayo desde las 20 horas tendr\u00e1 una nueva noche en el Club Las Colonias de Villa del Rosario, departamento Federaci\u00f3n. Con entrada libre y gratuita, habr\u00e1 danza y m\u00fasica en vivo.<\/strong><\/p>\n\n\n\n<p>Durante la noche se presentar\u00e1n el Taller Municipal de Folclore de Villa del Rosario, Taller Municipal de Folclore de Chajar\u00ed, Ariel, el entrerriano y su conjunto y Grupo Centella.<\/p>\n\n\n\n<p><br \/>Tambi\u00e9n se anuncia una feria de emprendedores locales y servicio de cantina. Se invita a toda la comunidad a participar.<\/p>\n\n\n\n<p><br \/>Fog\u00f3n Entrerriano es parte de CUAC! Cultura Activa, un programa anual de ciclos, encuentros y convocatorias que la Secretar\u00eda de Cultura de Entre R\u00edos desarrolla en toda la provincia, con una mirada federal y el objetivo de ampliar circuitos y promover el acceso de la ciudadan\u00eda a los bienes culturales de la provincia.<\/p>\n","protected":false},"excerpt":{"rendered":"<p>El ciclo itinerante de la Secretar\u00eda de Cultura de Entre R\u00edos, Fog\u00f3n Entrerriano, contin\u00faa su recorrido por la provincia. Este s\u00e1bado 2 de mayo desde [&#8230;]<\/p>\n","protected":false},"author":1,"featured_media":27599,"comment_status":"open","ping_status":"open","sticky":false,"template":"","format":"standard","meta":{"footnotes":""},"categories":[1],"tags":[],"_links":{"self":[{"href":"https:\/\/lagacetaonline.com.ar\/index.php?rest_route=\/wp\/v2\/posts\/27598"}],"collection":[{"href":"https:\/\/lagacetaonline.com.ar\/index.php?rest_route=\/wp\/v2\/posts"}],"about":[{"href":"https:\/\/lagacetaonline.com.ar\/index.php?rest_route=\/wp\/v2\/types\/post"}],"author":[{"embeddable":true,"href":"https:\/\/lagacetaonline.com.ar\/index.php?rest_route=\/wp\/v2\/users\/1"}],"replies":[{"embeddable":true,"href":"https:\/\/lagacetaonline.com.ar\/index.php?rest_route=%2Fwp%2Fv2%2Fcomments&post=27598"}],"version-history":[{"count":1,"href":"https:\/\/lagacetaonline.com.ar\/index.php?rest_route=\/wp\/v2\/posts\/27598\/revisions"}],"predecessor-version":[{"id":27600,"href":"https:\/\/lagacetaonline.com.ar\/index.php?rest_route=\/wp\/v2\/posts\/27598\/revisions\/27600"}],"wp:featuredmedia":[{"embeddable":true,"href":"https:\/\/lagacetaonline.com.ar\/index.php?rest_route=\/wp\/v2\/media\/27599"}],"wp:attachment":[{"href":"https:\/\/lagacetaonline.com.ar\/index.php?rest_route=%2Fwp%2Fv2%2Fmedia&parent=27598"}],"wp:term":[{"taxonomy":"category","embeddable":true,"href":"https:\/\/lagacetaonline.com.ar\/index.php?rest_route=%2Fwp%2Fv2%2Fcategories&post=27598"},{"taxonomy":"post_tag","embeddable":true,"href":"https:\/\/lagacetaonline.com.ar\/index.php?rest_route=%2Fwp%2Fv2%2Ftags&post=27598"}],"curies":[{"name":"wp","href":"https:\/\/api.w.org\/{rel}","templated":true}]}}